




{"id":1650,"date":"2020-06-02T11:32:00","date_gmt":"2020-06-02T09:32:00","guid":{"rendered":"https:\/\/geo.compiegnois.fr\/portail\/?p=1650"},"modified":"2020-07-09T14:59:44","modified_gmt":"2020-07-09T12:59:44","slug":"les-donnees-geographiques-et-les-cartes-sont-elles-mises-a-jour-frequemment","status":"publish","type":"post","link":"https:\/\/geo.compiegnois.fr\/portail\/index.php\/2020\/06\/02\/les-donnees-geographiques-et-les-cartes-sont-elles-mises-a-jour-frequemment\/","title":{"rendered":"Les donn\u00e9es g\u00e9ographiques et les cartes sont-elles mises \u00e0 jour fr\u00e9quemment ?"},"content":{"rendered":"\n<p style=\"font-size:15px\">Le Service Information G\u00e9ographique met tout en \u0153uvre pour vous fournir, sur l\u2019ensemble des applications cartographiques, des donn\u00e9es les plus \u00e0 jour possibles dans la limite des conditions d\u2019actualisation de celles-ci. Les m\u00e9tadonn\u00e9es, disponibles dans <a rel=\"noreferrer noopener\" aria-label=\"Mes Donn\u00e9es (s\u2019ouvre dans un nouvel onglet)\" href=\"https:\/\/geo.compiegnois.fr\/portail\/index.php\/geoservices\/donnees\/\" target=\"_blank\">\u00ab\u00a0Mes donn\u00e9es\u00a0\u00bb<\/a>, vous permettent d\u2019\u00eatre inform\u00e9s. <\/p>\n\n\n\n<p style=\"font-size:15px\">Une partie des donn\u00e9es mises \u00e0 disposition sont directement g\u00e9r\u00e9es ou int\u00e9gr\u00e9es par le Service Information G\u00e9ographique. Il s\u2019agit ici de r\u00e9f\u00e9rentiels g\u00e9ographiques nationaux (cadastre au rythme annuel), r\u00e9gionaux (orthophotographie au rythme quinquennal) ou locaux (base des adresses et des voies, points d\u2019int\u00e9r\u00eat\/POI en continu).<\/p>\n\n\n\n<p style=\"font-size:15px\">Les donn\u00e9es m\u00e9tiers pr\u00e9sentes dans les applications professionnelles, et pour certaines d\u2019entre elles visibles depuis <a rel=\"noreferrer noopener\" aria-label=\"Ma Carte (s\u2019ouvre dans un nouvel onglet)\" href=\"https:\/\/geo.compiegnois.fr\/portail\/index.php\/geoservices\/carte\/\" target=\"_blank\">\u00ab\u00a0Ma carte\u00a0\u00bb<\/a>, sont, pour la plupart, mises \u00e0 jour directement par le service concern\u00e9.  Le Service Information G\u00e9ographique intervient uniquement sur les conditions d\u2019acquisition des donn\u00e9es et sur leur int\u00e9gration.<\/p>\n\n\n\n<p style=\"font-size:15px\">Toutes les autres donn\u00e9es, provenant d\u2019organismes ext\u00e9rieurs, comme le Recensement de la Population ou le fichier des \u00e9tablissements de l\u2019Insee (SIRENE), le r\u00e9pertoire des logements locatifs des bailleurs sociaux (RPLS), les donn\u00e9es environnementales de la DREAL\u2026 sont int\u00e9gr\u00e9es dans la base de donn\u00e9es et mises \u00e0 disposition dans les diff\u00e9rentes applications par le Service Information G\u00e9ographique. <\/p>\n\n\n\n<p style=\"font-size:15px\">Pour rester inform\u00e9s, la rubrique <a rel=\"noopener noreferrer\" href=\"https:\/\/geo.compiegnois.fr\/portail\/index.php\/category\/actualite\/\" target=\"_blank\">\u00ab\u00a0Actualit\u00e9s\u00a0\u00bb<\/a> vous permet de suivre les \u00e9volutions du site mais \u00e9galement les mises \u00e0 jour de donn\u00e9es ou de cartes.<\/p>\n\n\n\n<p style=\"font-size:12px\"> L\u2019\u00e9quipe du Service Information G\u00e9ographique.<\/p>\n","protected":false},"excerpt":{"rendered":"<p>Le Service Information G\u00e9ographique met tout en \u0153uvre pour vous fournir, sur l\u2019ensemble des applications cartographiques, des donn\u00e9es les plus \u00e0 jour possibles dans la limite des conditions d\u2019actualisation de&#8230;<\/p>\n","protected":false},"author":3,"featured_media":2217,"comment_status":"closed","ping_status":"closed","sticky":false,"template":"","format":"standard","meta":{"footnotes":""},"categories":[51],"tags":[],"class_list":["post-1650","post","type-post","status-publish","format-standard","has-post-thumbnail","hentry","category-faq"],"_links":{"self":[{"href":"https:\/\/geo.compiegnois.fr\/portail\/index.php\/wp-json\/wp\/v2\/posts\/1650","targetHints":{"allow":["GET"]}}],"collection":[{"href":"https:\/\/geo.compiegnois.fr\/portail\/index.php\/wp-json\/wp\/v2\/posts"}],"about":[{"href":"https:\/\/geo.compiegnois.fr\/portail\/index.php\/wp-json\/wp\/v2\/types\/post"}],"author":[{"embeddable":true,"href":"https:\/\/geo.compiegnois.fr\/portail\/index.php\/wp-json\/wp\/v2\/users\/3"}],"replies":[{"embeddable":true,"href":"https:\/\/geo.compiegnois.fr\/portail\/index.php\/wp-json\/wp\/v2\/comments?post=1650"}],"version-history":[{"count":0,"href":"https:\/\/geo.compiegnois.fr\/portail\/index.php\/wp-json\/wp\/v2\/posts\/1650\/revisions"}],"wp:featuredmedia":[{"embeddable":true,"href":"https:\/\/geo.compiegnois.fr\/portail\/index.php\/wp-json\/wp\/v2\/media\/2217"}],"wp:attachment":[{"href":"https:\/\/geo.compiegnois.fr\/portail\/index.php\/wp-json\/wp\/v2\/media?parent=1650"}],"wp:term":[{"taxonomy":"category","embeddable":true,"href":"https:\/\/geo.compiegnois.fr\/portail\/index.php\/wp-json\/wp\/v2\/categories?post=1650"},{"taxonomy":"post_tag","embeddable":true,"href":"https:\/\/geo.compiegnois.fr\/portail\/index.php\/wp-json\/wp\/v2\/tags?post=1650"}],"curies":[{"name":"wp","href":"https:\/\/api.w.org\/{rel}","templated":true}]}}