




{"id":7312,"date":"2024-07-01T16:41:41","date_gmt":"2024-07-01T14:41:41","guid":{"rendered":"https:\/\/geo.compiegnois.fr\/portail\/?p=7312"},"modified":"2024-07-03T10:51:37","modified_gmt":"2024-07-03T08:51:37","slug":"reunions-dinformation-sur-lapplication-reseaux","status":"publish","type":"post","link":"https:\/\/geo.compiegnois.fr\/portail\/index.php\/2024\/07\/01\/reunions-dinformation-sur-lapplication-reseaux\/","title":{"rendered":"Nouvelle application R\u00e9seaux"},"content":{"rendered":"<p>Une nouvelle application fait son apparition \u00e0 destination des communes du Grand Compi\u00e9gnois : <strong>l&rsquo;application \u00ab\u00a0R\u00e9seaux\u00a0\u00bb<\/strong>.<\/p>\r\n<p>Des r\u00e9unions d\u2019information sur cette nouvelle application ont \u00e9t\u00e9 organis\u00e9es par les EPCI du Grand Compi\u00e9gnois pour le compte de leurs communes membres (maire, \u00e9lus, agents municipaux et intercommunaux en charge du sujet) :<\/p>\r\n<ul>\r\n<li>le jeudi 6 juin 2024 au si\u00e8ge de la CC2V<\/li>\r\n<li>le jeudi 13 juin 2024 au si\u00e8ge de la CCLO<\/li>\r\n<li>le mardi 18 juin 2024 \u00e0 Canly (CCPE)<\/li>\r\n<li>le jeudi 27 juin 2024 au si\u00e8ge de l\u2019ARC<\/li>\r\n<\/ul>\r\n<p>L\u2019objet de ces r\u00e9unions \u00e9tait de pr\u00e9senter les donn\u00e9es disponibles dans l&rsquo;application ainsi que les pr\u00e9cautions li\u00e9es \u00e0 l&rsquo;usage de ces donn\u00e9es. Il a \u00e9galement \u00e9t\u00e9 \u00e9voqu\u00e9 le cadre r\u00e9glementaire et organisationnel relatif aux probl\u00e9matiques des r\u00e9seaux.<\/p>\r\n<p>Le diaporama pr\u00e9sent\u00e9 est disponible en t\u00e9l\u00e9chargement <a href=\"http:\/\/geo.compiegnois.fr\/documents\/cms\/ressources\/202406_PresentationAppliReseaux.pdf\">ici<\/a>. \u00a0<\/p>\r\n<p><strong>Nous vous remercions pour votre participation !<\/strong><\/p>\r\n<p>&nbsp;<\/p>\r\n<h3 class=\"wp-block-heading\">Les objectifs de cette application<\/h3>\r\n<!-- \/wp:post-content -->\r\n\r\n<!-- wp:paragraph -->\r\n<p>L&rsquo;objectif premier de ce service est de <strong>centraliser l&rsquo;ensemble des r\u00e9seaux (infrastructures) pr\u00e9sents sur le territoire<\/strong>. Par cet interm\u00e9diaire, l&rsquo;information est agr\u00e9g\u00e9e ind\u00e9pendamment des diverses solutions informatiques propos\u00e9es par chaque exploitant et \u00e9vite ainsi le recours \u00e0 la consultation de <em>x<\/em> portails cartographiques mono-th\u00e9matiques.<\/p>\r\n<!-- \/wp:paragraph -->\r\n\r\n<!-- wp:paragraph -->\r\n<p>Plus largement, cette application permet de :<\/p>\r\n<!-- \/wp:paragraph -->\r\n\r\n<!-- wp:list {\"backgroundColor\":\"pale-cyan-blue\"} -->\r\n<ul class=\"has-pale-cyan-blue-background-color has-background\">\r\n<li style=\"list-style-type: none;\">\r\n<ul class=\"has-pale-cyan-blue-background-color has-background\"><!-- wp:list-item -->\r\n<li><strong>partager<\/strong> rapidement et collectivement une information cartographi\u00e9e de premier niveau<\/li>\r\n<\/ul>\r\n<\/li>\r\n<\/ul>\r\n<!-- \/wp:list-item -->\r\n\r\n<!-- wp:list-item -->\r\n<ul class=\"has-pale-cyan-blue-background-color has-background\">\r\n<li style=\"list-style-type: none;\">\r\n<ul class=\"has-pale-cyan-blue-background-color has-background\">\r\n<li>disposer d&rsquo;une<strong> vision unifi\u00e9e des r\u00e9seaux \u00e0 l&rsquo;\u00e9chelle de la commune ou de l&rsquo;intercommunalit\u00e9<\/strong>, sans contraintes des \u00ab\u00a0limites territoriales\u00a0\u00bb contractuelles des d\u00e9l\u00e9gations\/concessions<\/li>\r\n<\/ul>\r\n<\/li>\r\n<\/ul>\r\n<p class=\"has-background\">Cette application ne se substitue pas aux solutions logicielles m\u00e9tiers destin\u00e9es \u00e0 g\u00e9rer l&rsquo;exploitation du r\u00e9seau (connaissance patrimoniale, op\u00e9rations de maintenance et travaux).<\/p>\r\n<p>&nbsp;<\/p>\r\n<!-- wp:heading {\"level\":3} -->\r\n<h3 class=\"wp-block-heading\">Quelles obligations ?<\/h3>\r\n<!-- \/wp:heading -->\r\n\r\n<!-- wp:heading {\"level\":4} -->\r\n<h4 class=\"wp-block-heading\">Demandes de DT-DICT pour travaux<\/h4>\r\n<!-- \/wp:heading -->\r\n\r\n<!-- wp:paragraph -->\r\n<p>L&rsquo;acc\u00e8s \u00e0 l&rsquo;application n&rsquo;exon\u00e8re pas la collectivit\u00e9 de respecter la r\u00e9glementation anti-endommagement des r\u00e9seaux. Ainsi, pour les <strong>travaux r\u00e9alis\u00e9s sous la ma\u00eetrise d&rsquo;ouvrage de la collectivit\u00e9<\/strong> et situ\u00e9s \u00e0 proximit\u00e9 de r\u00e9seaux souterrains ou a\u00e9riens, cette derni\u00e8re reste tenue de proc\u00e9der aux formalit\u00e9s relatives aux DT-DICT.<\/p>\r\n<!-- \/wp:paragraph -->\r\n\r\n<!-- wp:paragraph {\"style\":{\"color\":{\"background\":\"pale-cyan-blue\"}}} -->\r\n<p class=\"has-background\" style=\"background-color: #e5e9ec;\">Appliquez la r\u00e9glementation en vigueur (demandes de DT-DICT) en cas de travaux \u00e0 proximit\u00e9 des r\u00e9seaux.<\/p>\r\n<!-- \/wp:paragraph -->\r\n\r\n<!-- wp:heading {\"level\":4} -->\r\n<h4 class=\"wp-block-heading\">Raccordement au r\u00e9seau<\/h4>\r\n<!-- \/wp:heading -->\r\n\r\n<!-- wp:paragraph -->\r\n<p>La pr\u00e9sence d&rsquo;un r\u00e9seau cartographi\u00e9 au droit ou \u00e0 proximit\u00e9 imm\u00e9diate d&rsquo;une parcelle constructible n&rsquo;implique pas que celle-ci est raccordable. Dans tous les cas, il convient de se rapprocher syst\u00e9matiquement des professionnels ad\u00e9quats.<\/p>\r\n<!-- \/wp:paragraph -->\r\n\r\n<!-- wp:paragraph {\"style\":{\"color\":{\"background\":\"pale-cyan-blue\"}}} -->\r\n<p class=\"has-background\" style=\"background-color: #e5e9ec;\">Adressez-vous \u00e0 vos interlocuteurs habituels pour tout besoin d&rsquo;\u00e9tudes de raccordement.<\/p>\r\n<!-- \/wp:paragraph -->\r\n<p>&nbsp;<\/p>\r\n<!-- wp:heading {\"level\":3} -->\r\n<h3 class=\"wp-block-heading\">Quelles pr\u00e9cautions d&rsquo;usages ?<\/h3>\r\n<!-- \/wp:heading -->\r\n\r\n<!-- wp:heading {\"level\":4} -->\r\n<h4 class=\"wp-block-heading\">Pr\u00e9cision cartographique<\/h4>\r\n<!-- \/wp:heading -->\r\n\r\n<!-- wp:paragraph -->\r\n<p>Comme pour toute donn\u00e9e g\u00e9ographique, la cartographie des r\u00e9seaux n&rsquo;\u00e9chappe pas \u00e0 la notion de pr\u00e9cision de localisation. Ainsi, depuis 2012 et la loi anti-endommagement des r\u00e9seaux dite \u00ab\u00a0DT-DICT\u00a0\u00bb, celle-ci s&rsquo;\u00e9value selon une <strong>classe de pr\u00e9cision (A, B ou C)<\/strong>. Cette classe d\u00e9signe ainsi la zone d&rsquo;incertitude de positionnement des r\u00e9seaux (graphique ci-dessous).<\/p>\r\n<!-- \/wp:paragraph -->\r\n\r\n<!-- wp:columns -->\r\n<div class=\"wp-block-columns\"><!-- wp:column {\"width\":\"33.34%\"} -->\r\n<div class=\"wp-block-column\" style=\"flex-basis: 33.34%;\"><!-- wp:image {\"id\":4168,\"sizeSlug\":\"large\",\"linkDestination\":\"none\"} -->\r\n<figure class=\"wp-block-image size-large\"><img loading=\"lazy\" decoding=\"async\" width=\"727\" height=\"517\" class=\"wp-image-4168\" src=\"https:\/\/geo.compiegnois.fr\/portail\/wp-content\/uploads\/2021\/07\/PCRS_schema_clA_precision.png\" alt=\"\" srcset=\"https:\/\/geo.compiegnois.fr\/portail\/wp-content\/uploads\/2021\/07\/PCRS_schema_clA_precision.png 727w, https:\/\/geo.compiegnois.fr\/portail\/wp-content\/uploads\/2021\/07\/PCRS_schema_clA_precision-300x213.png 300w\" sizes=\"auto, (max-width: 727px) 100vw, 727px\" \/><\/figure>\r\n<!-- \/wp:image --><\/div>\r\n<!-- \/wp:column -->\r\n\r\n<!-- wp:column {\"width\":\"33.34%\"} -->\r\n<div class=\"wp-block-column\" style=\"flex-basis: 33.34%;\"><!-- wp:image {\"id\":4169,\"sizeSlug\":\"large\",\"linkDestination\":\"none\"} -->\r\n<figure class=\"wp-block-image size-large\"><img loading=\"lazy\" decoding=\"async\" width=\"727\" height=\"517\" class=\"wp-image-4169\" src=\"https:\/\/geo.compiegnois.fr\/portail\/wp-content\/uploads\/2021\/07\/PCRS_schema_clB_precision.png\" alt=\"\" srcset=\"https:\/\/geo.compiegnois.fr\/portail\/wp-content\/uploads\/2021\/07\/PCRS_schema_clB_precision.png 727w, https:\/\/geo.compiegnois.fr\/portail\/wp-content\/uploads\/2021\/07\/PCRS_schema_clB_precision-300x213.png 300w\" sizes=\"auto, (max-width: 727px) 100vw, 727px\" \/><\/figure>\r\n<!-- \/wp:image --><\/div>\r\n<!-- \/wp:column -->\r\n\r\n<!-- wp:column {\"width\":\"33.33%\"} -->\r\n<div class=\"wp-block-column\" style=\"flex-basis: 33.33%;\"><!-- wp:image {\"id\":4170,\"sizeSlug\":\"large\",\"linkDestination\":\"none\"} -->\r\n<figure class=\"wp-block-image size-large\"><img loading=\"lazy\" decoding=\"async\" width=\"727\" height=\"517\" class=\"wp-image-4170\" src=\"https:\/\/geo.compiegnois.fr\/portail\/wp-content\/uploads\/2021\/07\/PCRS_schema_clC_precision.png\" alt=\"\" srcset=\"https:\/\/geo.compiegnois.fr\/portail\/wp-content\/uploads\/2021\/07\/PCRS_schema_clC_precision.png 727w, https:\/\/geo.compiegnois.fr\/portail\/wp-content\/uploads\/2021\/07\/PCRS_schema_clC_precision-300x213.png 300w\" sizes=\"auto, (max-width: 727px) 100vw, 727px\" \/><\/figure>\r\n<!-- \/wp:image --><\/div>\r\n<!-- \/wp:column --><\/div>\r\n<!-- \/wp:columns -->\r\n\r\n<!-- wp:paragraph -->\r\n<p>Dans l&rsquo;application, <strong>la classe de pr\u00e9cision cartographique est port\u00e9e \u00e0 connaissance <\/strong>au travers :<\/p>\r\n<!-- \/wp:paragraph -->\r\n\r\n<!-- wp:list {\"ordered\":true} -->\r\n<ol><!-- wp:list-item -->\r\n<li>d&rsquo;une infobulle lors du \u00ab\u00a0survol\u00a0\u00bb d&rsquo;un ouvrage du r\u00e9seau<\/li>\r\n<!-- \/wp:list-item -->\r\n\r\n<!-- wp:list-item -->\r\n<li>sous la forme d&rsquo;une \u00e9tiquette \u00e0 un fort niveau de zoom (\u00e9chelle au 1\/500)<\/li>\r\n<!-- \/wp:list-item --><\/ol>\r\n<!-- \/wp:list -->\r\n\r\n<!-- wp:paragraph {\"style\":{\"color\":{\"background\":\"#e5e9ec\"}}} -->\r\n<p class=\"has-background\" style=\"background-color: #e5e9ec;\">Pour rappel, au titre de la r\u00e9forme DT-DICT, tout r\u00e9seau sensible (\u00e9lectricit\u00e9, \u00e9clairage public, gaz &#8230;) ou issu de travaux neufs doit \u00eatre cartographi\u00e9 en classe A. Pour les r\u00e9seaux non sensibles existants (eau, assainissement &#8230;) cette obligation s&rsquo;applique au plus tard en 2026 ou 2032 selon si la commune est ou non en unit\u00e9 urbaine (INSEE).<\/p>\r\n<!-- \/wp:paragraph -->\r\n\r\n<!-- wp:heading {\"level\":4} -->\r\n<h4 class=\"wp-block-heading\">Exhaustivit\u00e9 \/ disponibilit\u00e9<\/h4>\r\n<!-- \/wp:heading -->\r\n\r\n<!-- wp:paragraph -->\r\n<p><strong>L&rsquo;absence de r\u00e9seaux cartographi\u00e9s ne signifie pas forc\u00e9ment absence de r\u00e9seaux<\/strong>. En effet, les donn\u00e9es des diff\u00e9rents producteurs (collectivit\u00e9s, exploitants, concessionnaires) peuvent \u00eatre incompl\u00e8tes, en attente de mise \u00e0 jour, non communicables ou tout simplement inexistantes.<\/p>\r\n<!-- \/wp:paragraph -->\r\n\r\n<!-- wp:paragraph {\"style\":{\"color\":{\"background\":\"#e5e9ec\"}}} -->\r\n<p class=\"has-background\" style=\"background-color: #e5e9ec;\">Pour rappel, la collectivit\u00e9 comp\u00e9tente est tenue de proc\u00e9der \u00e0 l&rsquo;inventaire des r\u00e9seaux qu&rsquo;elle g\u00e8re au titre de la r\u00e9forme DT-DICT. Cette obligation s&rsquo;impose en revanche \u00e0 l&rsquo;exploitant en cas de d\u00e9l\u00e9gation (DSP) ou concession de service public (CSP).<\/p>\r\n<!-- \/wp:paragraph -->\r\n<p>&nbsp;<\/p>\r\n<!-- wp:heading {\"level\":3} -->\r\n<h3 class=\"wp-block-heading\">Quelles sont les sources de donn\u00e9es ?<\/h3>\r\n<!-- \/wp:heading -->\r\n\r\n<!-- wp:paragraph -->\r\n<p>L&rsquo;application agr\u00e8ge un grand nombre de sources de donn\u00e9es dont le d\u00e9tail est pr\u00e9cis\u00e9 ci dessous.<\/p>\r\n<!-- \/wp:paragraph -->\r\n\r\n<!-- wp:table {\"style\":{\"color\":{\"background\":\"#f3f4f5\"}},\"className\":\"is-style-stripes\"} -->\r\n<figure class=\"wp-block-table is-style-stripes\">\r\n<table class=\"has-background\" style=\"background-color: #f3f4f5;\">\r\n<thead>\r\n<tr>\r\n<th class=\"has-text-align-center\" data-align=\"center\">\u00a0<\/th>\r\n<th>R\u00e9seau<\/th>\r\n<th class=\"has-text-align-center\" data-align=\"center\">Etat<\/th>\r\n<th>Couverture<\/th>\r\n<th>Comp\u00e9tence<\/th>\r\n<th>Producteur<\/th>\r\n<th>Mise \u00e0 jour <br \/>(fr\u00e9quence)<\/th>\r\n<\/tr>\r\n<\/thead>\r\n<tbody>\r\n<tr>\r\n<td class=\"has-text-align-center\" data-align=\"center\"><img loading=\"lazy\" decoding=\"async\" width=\"30\" height=\"30\" class=\"wp-image-4292\" style=\"width: 30px;\" src=\"https:\/\/geo.compiegnois.fr\/portail\/wp-content\/uploads\/2021\/07\/app_res_color_aep.png\" alt=\"\" \/><\/td>\r\n<td><strong>Eau potable<\/strong><\/td>\r\n<td class=\"has-text-align-center\" data-align=\"center\"><img decoding=\"async\" class=\"wp-image-4322\" style=\"width: 30px;\" src=\"https:\/\/geo.compiegnois.fr\/portail\/wp-content\/uploads\/2021\/07\/picto_progress.png\" alt=\"\" \/><\/td>\r\n<td>Grand Compi\u00e9gnois<\/td>\r\n<td>EPCI<\/td>\r\n<td>SAUR, SUEZ, VEOLIA<\/td>\r\n<td>annuelle<\/td>\r\n<\/tr>\r\n<tr>\r\n<td class=\"has-text-align-center\" data-align=\"center\"><img loading=\"lazy\" decoding=\"async\" width=\"30\" height=\"30\" class=\"wp-image-4293\" style=\"width: 30px;\" src=\"https:\/\/geo.compiegnois.fr\/portail\/wp-content\/uploads\/2021\/07\/app_res_color_ass.png\" alt=\"\" \/><\/td>\r\n<td><strong>Assainissement<\/strong><br \/>(eau us\u00e9e)<\/td>\r\n<td class=\"has-text-align-center\" data-align=\"center\"><img decoding=\"async\" style=\"width: 30px;\" src=\"https:\/\/geo.compiegnois.fr\/portail\/wp-content\/uploads\/2021\/07\/picto_progress.png\" alt=\"\" \/><\/td>\r\n<td>Grand Compi\u00e9gnois<\/td>\r\n<td>EPCI \/ Commune<\/td>\r\n<td>SUEZ, VEOLIA, HYDRA, EPCI<\/td>\r\n<td>annuelle<\/td>\r\n<\/tr>\r\n<tr>\r\n<td class=\"has-text-align-center\" data-align=\"center\"><img decoding=\"async\" style=\"width: 30px;\" src=\"https:\/\/geo.compiegnois.fr\/portail\/wp-content\/uploads\/2021\/07\/app_res_color_ass.png\" alt=\"\" \/><\/td>\r\n<td><strong><strong>Assainissement<\/strong><br \/><\/strong>(eau pluviale)<\/td>\r\n<td class=\"has-text-align-center\" data-align=\"center\"><img loading=\"lazy\" decoding=\"async\" width=\"30\" height=\"30\" class=\"wp-image-4323\" style=\"width: 30px;\" src=\"https:\/\/geo.compiegnois.fr\/portail\/wp-content\/uploads\/2021\/07\/picto_progress.png\" alt=\"\" \/><\/td>\r\n<td>Grand Compi\u00e9gnois<\/td>\r\n<td>EPCI \/ Commune<\/td>\r\n<td>SUEZ, VEOLIA, HYDRA, EPCI<\/td>\r\n<td>ind\u00e9termin\u00e9e<\/td>\r\n<\/tr>\r\n<tr>\r\n<td class=\"has-text-align-center\" data-align=\"center\"><img loading=\"lazy\" decoding=\"async\" width=\"30\" height=\"30\" class=\"wp-image-4294\" style=\"width: 30px;\" src=\"https:\/\/geo.compiegnois.fr\/portail\/wp-content\/uploads\/2021\/07\/app_res_color_elec.png\" alt=\"\" \/><\/td>\r\n<td><strong>Eclairage public<\/strong><\/td>\r\n<td class=\"has-text-align-center\" data-align=\"center\"><img decoding=\"async\" style=\"width: 30px;\" src=\"https:\/\/geo.compiegnois.fr\/portail\/wp-content\/uploads\/2021\/07\/picto_ok.png\" alt=\"\" \/><\/td>\r\n<td>Zone d&rsquo;activit\u00e9 ARC<\/td>\r\n<td>ARC<\/td>\r\n<td>ARC<\/td>\r\n<td>ind\u00e9termin\u00e9e<\/td>\r\n<\/tr>\r\n<tr>\r\n<td class=\"has-text-align-center\" data-align=\"center\"><img decoding=\"async\" style=\"width: 30px;\" src=\"https:\/\/geo.compiegnois.fr\/portail\/wp-content\/uploads\/2021\/07\/app_res_color_elec.png\" alt=\"\" \/><\/td>\r\n<td><strong>Eclairage public<\/strong><\/td>\r\n<td class=\"has-text-align-center\" data-align=\"center\"><img decoding=\"async\" style=\"width: 30px;\" src=\"https:\/\/geo.compiegnois.fr\/portail\/wp-content\/uploads\/2021\/07\/picto_progress.png\" alt=\"\" \/><\/td>\r\n<td>Compi\u00e8gne<\/td>\r\n<td>Commune<\/td>\r\n<td>Compi\u00e8gne<\/td>\r\n<td>en continue<\/td>\r\n<\/tr>\r\n<tr>\r\n<td class=\"has-text-align-center\" data-align=\"center\"><img decoding=\"async\" style=\"width: 30px;\" src=\"https:\/\/geo.compiegnois.fr\/portail\/wp-content\/uploads\/2021\/07\/app_res_color_elec.png\" alt=\"\" \/><\/td>\r\n<td><strong>Feux tricolores<\/strong><\/td>\r\n<td class=\"has-text-align-center\" data-align=\"center\"><img decoding=\"async\" style=\"width: 30px;\" src=\"https:\/\/geo.compiegnois.fr\/portail\/wp-content\/uploads\/2021\/07\/picto_progress.png\" alt=\"\" \/><\/td>\r\n<td>Compi\u00e8gne<\/td>\r\n<td>Commune<\/td>\r\n<td>Compi\u00e8gne<\/td>\r\n<td>ind\u00e9termin\u00e9e<\/td>\r\n<\/tr>\r\n<tr>\r\n<td class=\"has-text-align-center\" data-align=\"center\"><img loading=\"lazy\" decoding=\"async\" width=\"30\" height=\"30\" class=\"wp-image-4306\" style=\"width: 30px;\" src=\"https:\/\/geo.compiegnois.fr\/portail\/wp-content\/uploads\/2021\/07\/app_res_color_chauf.png\" alt=\"\" \/><\/td>\r\n<td><strong>Chauffage urbain<\/strong><\/td>\r\n<td class=\"has-text-align-center\" data-align=\"center\"><img decoding=\"async\" style=\"width: 30px;\" src=\"https:\/\/geo.compiegnois.fr\/portail\/wp-content\/uploads\/2021\/07\/picto_ok.png\" alt=\"\" \/><\/td>\r\n<td>Compi\u00e8gne<\/td>\r\n<td>Commune<\/td>\r\n<td>Compi\u00e8gne<\/td>\r\n<td>ind\u00e9termin\u00e9e<\/td>\r\n<\/tr>\r\n<tr>\r\n<td class=\"has-text-align-center\" data-align=\"center\"><img decoding=\"async\" style=\"width: 30px;\" src=\"https:\/\/geo.compiegnois.fr\/portail\/wp-content\/uploads\/2021\/07\/app_res_color_elec.png\" alt=\"\" \/><\/td>\r\n<td><strong>Electricit\u00e9 BT \/ HTA<\/strong><br \/>(distribution)<\/td>\r\n<td class=\"has-text-align-center\" data-align=\"center\"><img decoding=\"async\" style=\"width: 30px;\" src=\"https:\/\/geo.compiegnois.fr\/portail\/wp-content\/uploads\/2021\/07\/picto_ok.png\" alt=\"\" \/><\/td>\r\n<td>Grand Compi\u00e9gnois<\/td>\r\n<td>SE60, SEZEO<\/td>\r\n<td>ENEDIS, SICAE Oise, SICAE Aisne<\/td>\r\n<td>semestrielle<\/td>\r\n<\/tr>\r\n<tr>\r\n<td class=\"has-text-align-center\" data-align=\"center\"><img decoding=\"async\" style=\"width: 30px;\" src=\"https:\/\/geo.compiegnois.fr\/portail\/wp-content\/uploads\/2021\/07\/app_res_color_elec.png\" alt=\"\" \/><\/td>\r\n<td><strong>Electricit\u00e9 HTB<\/strong><br \/>(transport)<\/td>\r\n<td class=\"has-text-align-center\" data-align=\"center\"><img decoding=\"async\" style=\"width: 30px;\" src=\"https:\/\/geo.compiegnois.fr\/portail\/wp-content\/uploads\/2021\/07\/picto_ok.png\" alt=\"\" \/><\/td>\r\n<td>Grand Compi\u00e9gnois<\/td>\r\n<td>\u00a0<\/td>\r\n<td>RTE<\/td>\r\n<td>semestrielle<\/td>\r\n<\/tr>\r\n<tr>\r\n<td class=\"has-text-align-center\" data-align=\"center\"><img loading=\"lazy\" decoding=\"async\" width=\"30\" height=\"30\" class=\"wp-image-4304\" style=\"width: 30px;\" src=\"https:\/\/geo.compiegnois.fr\/portail\/wp-content\/uploads\/2021\/07\/app_res_color_gaz.png\" alt=\"\" \/><\/td>\r\n<td><strong>Gaz<\/strong><br \/>(distribution)<\/td>\r\n<td class=\"has-text-align-center\" data-align=\"center\"><img decoding=\"async\" style=\"width: 30px;\" src=\"https:\/\/geo.compiegnois.fr\/portail\/wp-content\/uploads\/2021\/07\/picto_ok.png\" alt=\"\" \/><\/td>\r\n<td>Grand Compi\u00e9gnois<\/td>\r\n<td>Commune<\/td>\r\n<td>GRDF, SICAE de la Somme<\/td>\r\n<td>semestrielle<\/td>\r\n<\/tr>\r\n<tr>\r\n<td class=\"has-text-align-center\" data-align=\"center\"><img decoding=\"async\" style=\"width: 30px;\" src=\"https:\/\/geo.compiegnois.fr\/portail\/wp-content\/uploads\/2021\/07\/app_res_color_gaz.png\" alt=\"\" \/><\/td>\r\n<td><strong>Gaz<\/strong><br \/>(transport)<\/td>\r\n<td class=\"has-text-align-center\" data-align=\"center\"><img decoding=\"async\" style=\"width: 30px;\" src=\"https:\/\/geo.compiegnois.fr\/portail\/wp-content\/uploads\/2021\/07\/picto_ok.png\" alt=\"\" \/><\/td>\r\n<td>Grand Compi\u00e9gnois<\/td>\r\n<td>\u00a0<\/td>\r\n<td>GRT Gaz<\/td>\r\n<td>ind\u00e9termin\u00e9e<\/td>\r\n<\/tr>\r\n<tr>\r\n<td class=\"has-text-align-center\" data-align=\"center\"><img loading=\"lazy\" decoding=\"async\" width=\"30\" height=\"30\" class=\"wp-image-4305\" style=\"width: 30px;\" src=\"https:\/\/geo.compiegnois.fr\/portail\/wp-content\/uploads\/2021\/07\/app_res_color_telecom.png\" alt=\"\" \/><\/td>\r\n<td><strong>Telecom<\/strong><br \/>(fibre)<\/td>\r\n<td class=\"has-text-align-center\" data-align=\"center\"><img decoding=\"async\" style=\"width: 30px;\" src=\"https:\/\/geo.compiegnois.fr\/portail\/wp-content\/uploads\/2021\/07\/picto_progress.png\" alt=\"\" \/><\/td>\r\n<td>Grand Compi\u00e9gnois<\/td>\r\n<td>SMOTHD<\/td>\r\n<td>TELOise<\/td>\r\n<td>ind\u00e9termin\u00e9e<\/td>\r\n<\/tr>\r\n<tr>\r\n<td class=\"has-text-align-center\" data-align=\"center\"><img loading=\"lazy\" decoding=\"async\" width=\"30\" height=\"30\" class=\"wp-image-4305\" style=\"width: 30px;\" src=\"https:\/\/geo.compiegnois.fr\/portail\/wp-content\/uploads\/2021\/07\/app_res_color_telecom.png\" alt=\"\" \/><\/td>\r\n<td><strong>Telecom<\/strong><br \/>(fibre)<\/td>\r\n<td class=\"has-text-align-center\" data-align=\"center\"><img decoding=\"async\" style=\"width: 30px;\" src=\"https:\/\/geo.compiegnois.fr\/portail\/wp-content\/uploads\/2021\/07\/picto_ko.png\" alt=\"\" \/><\/td>\r\n<td>Grand Compi\u00e9gnois<\/td>\r\n<td>Zone AMII<\/td>\r\n<td>XP Fibre<\/td>\r\n<td>ind\u00e9termin\u00e9e<\/td>\r\n<\/tr>\r\n<tr>\r\n<td class=\"has-text-align-center\" data-align=\"center\"><img loading=\"lazy\" decoding=\"async\" width=\"30\" height=\"30\" class=\"wp-image-4305\" style=\"width: 30px;\" src=\"https:\/\/geo.compiegnois.fr\/portail\/wp-content\/uploads\/2021\/07\/app_res_color_telecom.png\" alt=\"\" \/><\/td>\r\n<td><strong>Telecom<\/strong><br \/>(cuivre)<\/td>\r\n<td class=\"has-text-align-center\" data-align=\"center\"><img decoding=\"async\" style=\"width: 30px;\" src=\"https:\/\/geo.compiegnois.fr\/portail\/wp-content\/uploads\/2021\/07\/picto_ko.png\" alt=\"\" \/><\/td>\r\n<td>Grand Compi\u00e9gnois<\/td>\r\n<td>\u00a0<\/td>\r\n<td>Orange<\/td>\r\n<td>ind\u00e9termin\u00e9e<\/td>\r\n<\/tr>\r\n<tr>\r\n<td class=\"has-text-align-center\" data-align=\"center\"><img decoding=\"async\" style=\"width: 30px;\" src=\"https:\/\/geo.compiegnois.fr\/portail\/wp-content\/uploads\/2021\/07\/app_res_color_aep.png\" alt=\"\" \/><\/td>\r\n<td><strong>Arrosage<\/strong><\/td>\r\n<td class=\"has-text-align-center\" data-align=\"center\"><img decoding=\"async\" style=\"width: 30px;\" src=\"https:\/\/geo.compiegnois.fr\/portail\/wp-content\/uploads\/2021\/07\/picto_progress.png\" alt=\"\" \/><\/td>\r\n<td>Compi\u00e8gne<\/td>\r\n<td>Commune<\/td>\r\n<td>Compi\u00e8gne<\/td>\r\n<td>ind\u00e9termin\u00e9e<\/td>\r\n<\/tr>\r\n<\/tbody>\r\n<\/table>\r\n<figcaption class=\"wp-element-caption\"><img loading=\"lazy\" decoding=\"async\" width=\"20\" height=\"20\" class=\"wp-image-4322\" style=\"width: 20px;\" src=\"https:\/\/geo.compiegnois.fr\/portail\/wp-content\/uploads\/2021\/07\/picto_ok.png\" alt=\"\" \/> : Disponible <img loading=\"lazy\" decoding=\"async\" width=\"20\" height=\"20\" class=\"wp-image-4321\" style=\"width: 20px;\" src=\"https:\/\/geo.compiegnois.fr\/portail\/wp-content\/uploads\/2021\/07\/picto_ko.png\" alt=\"\" \/> : Non disponible <img loading=\"lazy\" decoding=\"async\" width=\"20\" height=\"20\" class=\"wp-image-4323\" style=\"width: 20px;\" src=\"https:\/\/geo.compiegnois.fr\/portail\/wp-content\/uploads\/2021\/07\/picto_progress.png\" alt=\"\" \/> : Disponible partiellement \/ Production en cours<\/figcaption>\r\n<\/figure>\r\n<!-- \/wp:table -->\r\n<p>&nbsp;<\/p>\r\n<!-- wp:heading {\"level\":3} -->\r\n<h3 class=\"wp-block-heading\">Une erreur, un oubli, comment proc\u00e9der ?<\/h3>\r\n<!-- \/wp:heading -->\r\n\r\n<!-- wp:paragraph -->\r\n<p>Vous \u00eates amen\u00e9s \u00e0 observer une erreur, une omission sur les plans de r\u00e9seaux ? Pour ceux dont la comp\u00e9tence est d\u00e9l\u00e9gu\u00e9e, rapprochez vous directement de l&rsquo;exploitant concern\u00e9 pour qu&rsquo;il effectue les mises \u00e0 jour n\u00e9cessaires.<\/p>\r\n<!-- \/wp:paragraph --><!-- \/wp:list-item -->","protected":false},"excerpt":{"rendered":"<p>Une nouvelle application fait son apparition \u00e0 destination des communes du Grand Compi\u00e9gnois : l&rsquo;application \u00ab\u00a0R\u00e9seaux\u00a0\u00bb. Des r\u00e9unions d\u2019information sur cette nouvelle application ont \u00e9t\u00e9 organis\u00e9es par les EPCI du&#8230;<\/p>\n","protected":false},"author":2,"featured_media":7315,"comment_status":"closed","ping_status":"closed","sticky":true,"template":"","format":"standard","meta":{"footnotes":""},"categories":[35],"tags":[78,77,80,79],"class_list":["post-7312","post","type-post","status-publish","format-standard","has-post-thumbnail","hentry","category-actualite","tag-application","tag-information","tag-nouveaute","tag-reseaux"],"_links":{"self":[{"href":"https:\/\/geo.compiegnois.fr\/portail\/index.php\/wp-json\/wp\/v2\/posts\/7312","targetHints":{"allow":["GET"]}}],"collection":[{"href":"https:\/\/geo.compiegnois.fr\/portail\/index.php\/wp-json\/wp\/v2\/posts"}],"about":[{"href":"https:\/\/geo.compiegnois.fr\/portail\/index.php\/wp-json\/wp\/v2\/types\/post"}],"author":[{"embeddable":true,"href":"https:\/\/geo.compiegnois.fr\/portail\/index.php\/wp-json\/wp\/v2\/users\/2"}],"replies":[{"embeddable":true,"href":"https:\/\/geo.compiegnois.fr\/portail\/index.php\/wp-json\/wp\/v2\/comments?post=7312"}],"version-history":[{"count":27,"href":"https:\/\/geo.compiegnois.fr\/portail\/index.php\/wp-json\/wp\/v2\/posts\/7312\/revisions"}],"predecessor-version":[{"id":7344,"href":"https:\/\/geo.compiegnois.fr\/portail\/index.php\/wp-json\/wp\/v2\/posts\/7312\/revisions\/7344"}],"wp:featuredmedia":[{"embeddable":true,"href":"https:\/\/geo.compiegnois.fr\/portail\/index.php\/wp-json\/wp\/v2\/media\/7315"}],"wp:attachment":[{"href":"https:\/\/geo.compiegnois.fr\/portail\/index.php\/wp-json\/wp\/v2\/media?parent=7312"}],"wp:term":[{"taxonomy":"category","embeddable":true,"href":"https:\/\/geo.compiegnois.fr\/portail\/index.php\/wp-json\/wp\/v2\/categories?post=7312"},{"taxonomy":"post_tag","embeddable":true,"href":"https:\/\/geo.compiegnois.fr\/portail\/index.php\/wp-json\/wp\/v2\/tags?post=7312"}],"curies":[{"name":"wp","href":"https:\/\/api.w.org\/{rel}","templated":true}]}}