




{"id":8215,"date":"2025-09-30T14:50:56","date_gmt":"2025-09-30T12:50:56","guid":{"rendered":"https:\/\/geo.compiegnois.fr\/portail\/?p=8215"},"modified":"2025-09-30T14:52:53","modified_gmt":"2025-09-30T12:52:53","slug":"la-photographie-aerienne-2024-est-arrivee","status":"publish","type":"post","link":"https:\/\/geo.compiegnois.fr\/portail\/index.php\/2025\/09\/30\/la-photographie-aerienne-2024-est-arrivee\/","title":{"rendered":"La photographie a\u00e9rienne 2024 est arriv\u00e9e !"},"content":{"rendered":"\r\n<p>Une nouvelle photographie a\u00e9rienne est d\u00e8s \u00e0 pr\u00e9sent disponible dans l&rsquo;ensemble des applications du portail G\u00e9oCompi\u00e9gnois. Produite par l&rsquo;institut g\u00e9ographique national (IGN) le 24 et 25 juin 2024, elle vient renouveler la photo de 2021.<\/p>\r\n\r\n\r\n\r\n<p>Retrouvez quelques illustrations de changements intervenus sur le territoire :<\/p>\r\n\r\n\r\n\r\n<div class=\"wp-block-ideabox-image-comparison\"><div class=\"ib-image-comparison label-pos--middle twentytwenty-container\" data-offset=\"0.5\" data-orientation=\"horizontal\" data-before=\"Before\" data-after=\"After\" data-no-overlay=\"false\" data-on-hover=\"false\" data-on-swipe=\"true\" data-on-click=\"false\" style=\"--ibic-overlay-color:rgba(0, 0, 0, 0.2);--ibic-overlay-hover-color:rgba(0, 0, 0, 0.4)\"><img decoding=\"async\" src=\"https:\/\/geo.compiegnois.fr\/portail\/wp-content\/uploads\/2025\/09\/chanel_21.png\" alt=\"\" class=\"ib-image-comparison-img\"\/><img decoding=\"async\" src=\"https:\/\/geo.compiegnois.fr\/portail\/wp-content\/uploads\/2025\/09\/chanel_24.png\" alt=\"\" class=\"ib-image-comparison-img\"\/><\/div><\/div>\r\n\r\n\r\n\r\n<p><strong><em>Installation de l&rsquo;entreprise Chanel sur le parc d&rsquo;activit\u00e9s du Bois de Plaisance.<\/em><\/strong><\/p>\r\n\r\n\r\n\r\n<div class=\"wp-block-ideabox-image-comparison\"><div class=\"ib-image-comparison label-pos--middle twentytwenty-container\" data-offset=\"0.5\" data-orientation=\"horizontal\" data-before=\"Before\" data-after=\"After\" data-no-overlay=\"false\" data-on-hover=\"false\" data-on-swipe=\"true\" data-on-click=\"false\" style=\"--ibic-overlay-color:rgba(0, 0, 0, 0.2);--ibic-overlay-hover-color:rgba(0, 0, 0, 0.4)\"><img decoding=\"async\" src=\"https:\/\/geo.compiegnois.fr\/portail\/wp-content\/uploads\/2025\/09\/hdm_2021.png\" alt=\"\" class=\"ib-image-comparison-img\"\/><img decoding=\"async\" src=\"https:\/\/geo.compiegnois.fr\/portail\/wp-content\/uploads\/2025\/09\/hdm_2024.png\" alt=\"\" class=\"ib-image-comparison-img\"\/><\/div><\/div>\r\n\r\n\r\n\r\n<p><strong><em>Installation des entreprises RAND et CEDEO sur le <\/em>parc d&rsquo;activit\u00e9s des Hauts de Margny<\/strong><\/p>\r\n\r\n\r\n\r\n<div class=\"wp-block-ideabox-image-comparison\"><div class=\"ib-image-comparison label-pos--middle twentytwenty-container\" data-offset=\"0.5\" data-orientation=\"horizontal\" data-before=\"Before\" data-after=\"After\" data-no-overlay=\"false\" data-on-hover=\"false\" data-on-swipe=\"true\" data-on-click=\"false\" style=\"--ibic-overlay-color:rgba(0, 0, 0, 0.2);--ibic-overlay-hover-color:rgba(0, 0, 0, 0.4)\"><img decoding=\"async\" src=\"https:\/\/geo.compiegnois.fr\/portail\/wp-content\/uploads\/2025\/09\/maubon_2021.png\" alt=\"\" class=\"ib-image-comparison-img\"\/><img decoding=\"async\" src=\"https:\/\/geo.compiegnois.fr\/portail\/wp-content\/uploads\/2025\/09\/maubon_2024.png\" alt=\"\" class=\"ib-image-comparison-img\"\/><\/div><\/div>\r\n\r\n\r\n\r\n<p><strong>D\u00e9veloppement de la ZAC du Maubon \u00e0 Choisy-au-Bac<\/strong><\/p>\r\n\r\n\r\n\r\n<div class=\"wp-block-ideabox-image-comparison\"><div class=\"ib-image-comparison label-pos--middle twentytwenty-container\" data-offset=\"0.5\" data-orientation=\"horizontal\" data-before=\"Before\" data-after=\"After\" data-no-overlay=\"false\" data-on-hover=\"false\" data-on-swipe=\"true\" data-on-click=\"false\" style=\"--ibic-overlay-color:rgba(0, 0, 0, 0.2);--ibic-overlay-hover-color:rgba(0, 0, 0, 0.4)\"><img decoding=\"async\" src=\"https:\/\/geo.compiegnois.fr\/portail\/wp-content\/uploads\/2025\/09\/poirier_2021.png\" alt=\"\" class=\"ib-image-comparison-img\"\/><img decoding=\"async\" src=\"https:\/\/geo.compiegnois.fr\/portail\/wp-content\/uploads\/2025\/09\/poirier_2024.png\" alt=\"\" class=\"ib-image-comparison-img\"\/><\/div><\/div>\r\n\r\n\r\n\r\n<p><strong>Am\u00e9nagement de la ZAC du Poirier \u00e0 Moyvillers<\/strong><\/p>\r\n\r\n\r\n\r\n<div class=\"wp-block-ideabox-image-comparison\"><div class=\"ib-image-comparison label-pos--middle twentytwenty-container\" data-offset=\"0.5\" data-orientation=\"horizontal\" data-before=\"Before\" data-after=\"After\" data-no-overlay=\"false\" data-on-hover=\"false\" data-on-swipe=\"true\" data-on-click=\"false\" style=\"--ibic-overlay-color:rgba(0, 0, 0, 0.2);--ibic-overlay-hover-color:rgba(0, 0, 0, 0.4)\"><img decoding=\"async\" src=\"https:\/\/geo.compiegnois.fr\/portail\/wp-content\/uploads\/2025\/09\/cambronne_2021.png\" alt=\"\" class=\"ib-image-comparison-img\"\/><img decoding=\"async\" src=\"https:\/\/geo.compiegnois.fr\/portail\/wp-content\/uploads\/2025\/09\/cambronne_2024.png\" alt=\"\" class=\"ib-image-comparison-img\"\/><\/div><\/div>\r\n\r\n\r\n\r\n<p><strong>D\u00e9veloppement du domaine de l&rsquo;Orme \u00e0 Leu \u00e0 Rib\u00e9court-Dreslincourt<\/strong><\/p>\r\n\r\n\r\n\r\n<div class=\"wp-block-ideabox-image-comparison\"><div class=\"ib-image-comparison label-pos--middle twentytwenty-container\" data-offset=\"0.5\" data-orientation=\"horizontal\" data-before=\"Before\" data-after=\"After\" data-no-overlay=\"false\" data-on-hover=\"false\" data-on-swipe=\"true\" data-on-click=\"false\" style=\"--ibic-overlay-color:rgba(0, 0, 0, 0.2);--ibic-overlay-hover-color:rgba(0, 0, 0, 0.4)\"><img decoding=\"async\" src=\"https:\/\/geo.compiegnois.fr\/portail\/wp-content\/uploads\/2025\/09\/trosly_2021.png\" alt=\"\" class=\"ib-image-comparison-img\"\/><img decoding=\"async\" src=\"https:\/\/geo.compiegnois.fr\/portail\/wp-content\/uploads\/2025\/09\/trosly_2024.png\" alt=\"\" class=\"ib-image-comparison-img\"\/><\/div><\/div>\r\n\r\n\r\n\r\n<p><strong>D\u00e9veloppement de la zone d&rsquo;activit\u00e9s de Trosly-Breuil<\/strong><\/p>\r\n","protected":false},"excerpt":{"rendered":"<p>Une nouvelle photographie a\u00e9rienne est d\u00e8s \u00e0 pr\u00e9sent disponible dans l&rsquo;ensemble des applications du portail G\u00e9oCompi\u00e9gnois. Produite par l&rsquo;institut g\u00e9ographique national (IGN) le 24 et 25 juin 2024, elle vient&#8230;<\/p>\n","protected":false},"author":3,"featured_media":8220,"comment_status":"closed","ping_status":"closed","sticky":true,"template":"","format":"standard","meta":{"footnotes":""},"categories":[35],"tags":[],"class_list":["post-8215","post","type-post","status-publish","format-standard","has-post-thumbnail","hentry","category-actualite"],"_links":{"self":[{"href":"https:\/\/geo.compiegnois.fr\/portail\/index.php\/wp-json\/wp\/v2\/posts\/8215","targetHints":{"allow":["GET"]}}],"collection":[{"href":"https:\/\/geo.compiegnois.fr\/portail\/index.php\/wp-json\/wp\/v2\/posts"}],"about":[{"href":"https:\/\/geo.compiegnois.fr\/portail\/index.php\/wp-json\/wp\/v2\/types\/post"}],"author":[{"embeddable":true,"href":"https:\/\/geo.compiegnois.fr\/portail\/index.php\/wp-json\/wp\/v2\/users\/3"}],"replies":[{"embeddable":true,"href":"https:\/\/geo.compiegnois.fr\/portail\/index.php\/wp-json\/wp\/v2\/comments?post=8215"}],"version-history":[{"count":11,"href":"https:\/\/geo.compiegnois.fr\/portail\/index.php\/wp-json\/wp\/v2\/posts\/8215\/revisions"}],"predecessor-version":[{"id":8243,"href":"https:\/\/geo.compiegnois.fr\/portail\/index.php\/wp-json\/wp\/v2\/posts\/8215\/revisions\/8243"}],"wp:featuredmedia":[{"embeddable":true,"href":"https:\/\/geo.compiegnois.fr\/portail\/index.php\/wp-json\/wp\/v2\/media\/8220"}],"wp:attachment":[{"href":"https:\/\/geo.compiegnois.fr\/portail\/index.php\/wp-json\/wp\/v2\/media?parent=8215"}],"wp:term":[{"taxonomy":"category","embeddable":true,"href":"https:\/\/geo.compiegnois.fr\/portail\/index.php\/wp-json\/wp\/v2\/categories?post=8215"},{"taxonomy":"post_tag","embeddable":true,"href":"https:\/\/geo.compiegnois.fr\/portail\/index.php\/wp-json\/wp\/v2\/tags?post=8215"}],"curies":[{"name":"wp","href":"https:\/\/api.w.org\/{rel}","templated":true}]}}